{"id":493,"date":"2019-03-05T21:10:36","date_gmt":"2019-03-05T21:10:36","guid":{"rendered":"https:\/\/scbirg.ch\/?p=493"},"modified":"2021-02-18T19:52:23","modified_gmt":"2021-02-18T19:52:23","slug":"skitag-3-maerz-2019","status":"publish","type":"post","link":"https:\/\/scbirg.ch\/index.php\/skitag-3-maerz-2019","title":{"rendered":"Skitag 3. M\u00e4rz 2019"},"content":{"rendered":"<p><span>Bei strahlendem Sonnenschein und gl\u00fccklicherweise etwas k\u00fchleren Temperaturen als in den letzten 3 Wochen fand am 3. M\u00e4rz der Ski- und Snowboardtag in Adelboden statt. Bereits um 8.30 Uhr machten sich 23 motivierte Clubmitglieder auf den Weg Richtung Sillerenb\u00fchl. F\u00fcr die JO-Mitglieder begann das Training wie gewohnt mit einem Aufw\u00e4rmen, bevor die 10 Kids ihre Snowboards und Skis anschnallten und die Piste herunterkurvten. Die anderen Teilnehmenden starteten den Tag mit Kaffee und Gipfeli, bevor auch sie sich auf den Weg machten.<\/span><\/p>\n<p><span><img loading=\"lazy\" decoding=\"async\" src=\"https:\/\/scbirg.ch\/wp-content\/uploads\/2019\/03\/Skitag-Gruppe-300x185.jpg\" alt=\"\" class=\"alignnone size-medium wp-image-499\" width=\"300\" height=\"185\" srcset=\"https:\/\/scbirg.ch\/wp-content\/uploads\/2019\/03\/Skitag-Gruppe-300x185.jpg 300w, https:\/\/scbirg.ch\/wp-content\/uploads\/2019\/03\/Skitag-Gruppe-768x475.jpg 768w, https:\/\/scbirg.ch\/wp-content\/uploads\/2019\/03\/Skitag-Gruppe-1024x633.jpg 1024w\" sizes=\"(max-width: 300px) 100vw, 300px\" \/><\/span><\/p>\n<p><span>Um 11.30 Uhr trafen sich alle bei der Standh\u00fctte. Dort warteten \u00c4lplermagaronen als St\u00e4rkung. Nach dem Zmittag stand ein Fototermin f\u00fcrs Gruppenfoto an. Danach machten sich alle in verschiedene Richtungen auf, um die letzten Stunden des Skitags auf der Piste zu geniessen. Als sich die Sonne am Nachmittag langsam hinter den Wolken versteckte, machte sich auch die JO nach einem gelungenen Training auf die Talabfahrt. <\/span><\/p>\n<p><span>Wir blicken auf einen erfolgreichen und sonnigen Schneesporttag zur\u00fcck und hoffen, dass auch an der n\u00e4chsten Clubveranstaltung so viele Mitglieder teilnehmen.<\/span><\/p>\n<p><img loading=\"lazy\" decoding=\"async\" src=\"https:\/\/scbirg.ch\/wp-content\/uploads\/2019\/03\/IMG_1010-1-234x300.jpg\" alt=\"\" class=\"alignnone size-medium wp-image-497\" width=\"234\" height=\"300\" srcset=\"https:\/\/scbirg.ch\/wp-content\/uploads\/2019\/03\/IMG_1010-1-234x300.jpg 234w, https:\/\/scbirg.ch\/wp-content\/uploads\/2019\/03\/IMG_1010-1-768x986.jpg 768w, https:\/\/scbirg.ch\/wp-content\/uploads\/2019\/03\/IMG_1010-1-798x1024.jpg 798w, https:\/\/scbirg.ch\/wp-content\/uploads\/2019\/03\/IMG_1010-1.jpg 1931w\" sizes=\"(max-width: 234px) 100vw, 234px\" \/><\/p>\n","protected":false},"excerpt":{"rendered":"<p>Bei strahlendem Sonnenschein und gl\u00fccklicherweise etwas k\u00fchleren Temperaturen als in den letzten 3 Wochen fand am 3. M\u00e4rz der Ski- und Snowboardtag in Adelboden statt. Bereits um 8.30 Uhr machten sich 23 motivierte Clubmitglieder auf den Weg Richtung Sillerenb\u00fchl. F\u00fcr die JO-Mitglieder begann das Training wie gewohnt mit einem Aufw\u00e4rmen, [&hellip;]<\/p>\n","protected":false},"author":3,"featured_media":499,"comment_status":"closed","ping_status":"closed","sticky":false,"template":"","format":"standard","meta":{"footnotes":""},"categories":[1],"tags":[],"_links":{"self":[{"href":"https:\/\/scbirg.ch\/index.php\/wp-json\/wp\/v2\/posts\/493"}],"collection":[{"href":"https:\/\/scbirg.ch\/index.php\/wp-json\/wp\/v2\/posts"}],"about":[{"href":"https:\/\/scbirg.ch\/index.php\/wp-json\/wp\/v2\/types\/post"}],"author":[{"embeddable":true,"href":"https:\/\/scbirg.ch\/index.php\/wp-json\/wp\/v2\/users\/3"}],"replies":[{"embeddable":true,"href":"https:\/\/scbirg.ch\/index.php\/wp-json\/wp\/v2\/comments?post=493"}],"version-history":[{"count":3,"href":"https:\/\/scbirg.ch\/index.php\/wp-json\/wp\/v2\/posts\/493\/revisions"}],"predecessor-version":[{"id":811,"href":"https:\/\/scbirg.ch\/index.php\/wp-json\/wp\/v2\/posts\/493\/revisions\/811"}],"wp:featuredmedia":[{"embeddable":true,"href":"https:\/\/scbirg.ch\/index.php\/wp-json\/wp\/v2\/media\/499"}],"wp:attachment":[{"href":"https:\/\/scbirg.ch\/index.php\/wp-json\/wp\/v2\/media?parent=493"}],"wp:term":[{"taxonomy":"category","embeddable":true,"href":"https:\/\/scbirg.ch\/index.php\/wp-json\/wp\/v2\/categories?post=493"},{"taxonomy":"post_tag","embeddable":true,"href":"https:\/\/scbirg.ch\/index.php\/wp-json\/wp\/v2\/tags?post=493"}],"curies":[{"name":"wp","href":"https:\/\/api.w.org\/{rel}","templated":true}]}}